{"id":928,"global_id":"laventanadealmocita.com?id=928","global_id_lineage":["laventanadealmocita.com?id=928"],"author":"1","status":"publish","date":"2024-07-24 09:07:45","date_utc":"2024-07-24 09:07:45","modified":"2024-07-24 09:07:45","modified_utc":"2024-07-24 09:07:45","url":"https:\/\/laventanadealmocita.com\/index.php\/event\/union-musical-pao-en-concierto\/","rest_url":"https:\/\/laventanadealmocita.com\/index.php\/wp-json\/tribe\/events\/v1\/events\/928","title":"Uni\u00f3n Musical PAO en Concierto.","description":"","excerpt":"","slug":"union-musical-pao-en-concierto","image":{"url":"https:\/\/laventanadealmocita.com\/wp-content\/uploads\/2024\/07\/Concierto-Union-Musical-PAO.jpeg","id":929,"extension":"jpeg","width":1131,"height":1600,"filesize":425258,"sizes":{"medium":{"width":212,"height":300,"mime-type":"image\/jpeg","filesize":18500,"url":"https:\/\/laventanadealmocita.com\/wp-content\/uploads\/2024\/07\/Concierto-Union-Musical-PAO-212x300.jpeg"},"large":{"width":724,"height":1024,"mime-type":"image\/jpeg","filesize":140532,"url":"https:\/\/laventanadealmocita.com\/wp-content\/uploads\/2024\/07\/Concierto-Union-Musical-PAO-724x1024.jpeg"},"thumbnail":{"width":150,"height":150,"mime-type":"image\/jpeg","filesize":8123,"url":"https:\/\/laventanadealmocita.com\/wp-content\/uploads\/2024\/07\/Concierto-Union-Musical-PAO-150x150.jpeg"},"medium_large":{"width":768,"height":1086,"mime-type":"image\/jpeg","filesize":154639,"url":"https:\/\/laventanadealmocita.com\/wp-content\/uploads\/2024\/07\/Concierto-Union-Musical-PAO-768x1086.jpeg"},"1536x1536":{"width":1086,"height":1536,"mime-type":"image\/jpeg","filesize":258358,"url":"https:\/\/laventanadealmocita.com\/wp-content\/uploads\/2024\/07\/Concierto-Union-Musical-PAO-1086x1536.jpeg"}}},"all_day":false,"start_date":"2024-08-11 21:00:00","start_date_details":{"year":"2024","month":"08","day":"11","hour":"21","minutes":"00","seconds":"00"},"end_date":"2024-08-11 22:30:00","end_date_details":{"year":"2024","month":"08","day":"11","hour":"22","minutes":"30","seconds":"00"},"utc_start_date":"2024-08-11 21:00:00","utc_start_date_details":{"year":"2024","month":"08","day":"11","hour":"21","minutes":"00","seconds":"00"},"utc_end_date":"2024-08-11 22:30:00","utc_end_date_details":{"year":"2024","month":"08","day":"11","hour":"22","minutes":"30","seconds":"00"},"timezone":"UTC+0","timezone_abbr":"UTC+0","cost":"Gratuito","cost_details":{"currency_symbol":"\u20ac","currency_code":"Eur","currency_position":"prefix","values":["0"]},"website":"","show_map":true,"show_map_link":true,"hide_from_listings":false,"sticky":false,"featured":false,"categories":[],"tags":[],"venue":{"id":127,"author":"1","status":"publish","date":"2023-08-14 15:39:04","date_utc":"2023-08-14 15:39:04","modified":"2023-08-14 15:39:04","modified_utc":"2023-08-14 15:39:04","url":"https:\/\/laventanadealmocita.com\/index.php\/recinto\/plaza-del-lavadero\/","venue":"Plaza del Lavadero","slug":"plaza-del-lavadero","city":"Alm\u00f3cita","country":"Espa\u00f1a","province":"Almer\u00eda","zip":"04458","stateprovince":"Almer\u00eda","json_ld":{"@type":"Place","name":"Plaza del Lavadero","description":"","url":"","address":{"@type":"PostalAddress","addressLocality":"Alm\u00f3cita","addressRegion":"Almer\u00eda","postalCode":"04458","addressCountry":"Espa\u00f1a"},"telephone":"","sameAs":""},"show_map":true,"show_map_link":true,"global_id":"laventanadealmocita.com?id=127","global_id_lineage":["laventanadealmocita.com?id=127"]},"organizer":[{"id":169,"author":"1","status":"publish","date":"2023-08-16 14:47:03","date_utc":"2023-08-16 14:47:03","modified":"2024-01-18 11:05:16","modified_utc":"2024-01-18 11:05:16","url":"https:\/\/laventanadealmocita.com\/index.php\/organizador\/ayuntamiento-de-almocita\/","organizer":"Ayuntamiento de Almocita","slug":"ayuntamiento-de-almocita","phone":"950510337","website":"https:\/\/www.almocita.es","email":"Info@Laventanadealmocita.com","json_ld":{"@type":"Person","name":"Ayuntamiento de Almocita","description":"","url":"https:\/\/www.almocita.es","telephone":"950510337","email":"&#73;nfo&#64;&#76;&#97;&#118;en&#116;anadeal&#109;&#111;&#99;ita&#46;&#99;o&#109;","sameAs":"https:\/\/www.almocita.es"},"global_id":"laventanadealmocita.com?id=169","global_id_lineage":["laventanadealmocita.com?id=169"]}],"custom_fields":[],"json_ld":{"@context":"http:\/\/schema.org","@type":"Event","name":"Uni\u00f3n Musical PAO en Concierto.","description":"","image":"https:\/\/laventanadealmocita.com\/wp-content\/uploads\/2024\/07\/Concierto-Union-Musical-PAO.jpeg","url":"https:\/\/laventanadealmocita.com\/index.php\/event\/union-musical-pao-en-concierto\/","eventAttendanceMode":"https:\/\/schema.org\/OfflineEventAttendanceMode","eventStatus":"https:\/\/schema.org\/EventScheduled","startDate":"2024-08-11T21:00:00+00:00","endDate":"2024-08-11T22:30:00+00:00","location":{"@type":"Place","name":"Plaza del Lavadero","description":"","url":"","address":{"@type":"PostalAddress","addressLocality":"Alm\u00f3cita","addressRegion":"Almer\u00eda","postalCode":"04458","addressCountry":"Espa\u00f1a"},"telephone":"","sameAs":""},"organizer":{"@type":"Person","name":"Ayuntamiento de Almocita","description":"","url":"https:\/\/www.almocita.es","telephone":"950510337","email":"&#73;&#110;f&#111;&#64;&#76;av&#101;&#110;&#116;a&#110;&#97;de&#97;&#108;&#109;&#111;&#99;it&#97;.&#99;&#111;m","sameAs":"https:\/\/www.almocita.es"},"offers":{"@type":"Offer","price":"0","priceCurrency":"Eur","url":"https:\/\/laventanadealmocita.com\/index.php\/event\/union-musical-pao-en-concierto\/","category":"primary","availability":"inStock","validFrom":"1970-01-01T00:00:00+00:00"},"performer":"Organization"}}