{"id":441,"global_id":"laventanadealmocita.com?id=441","global_id_lineage":["laventanadealmocita.com?id=441"],"author":"1","status":"publish","date":"2023-09-18 08:01:25","date_utc":"2023-09-18 08:01:25","modified":"2023-09-18 08:01:25","modified_utc":"2023-09-18 08:01:25","url":"https:\/\/laventanadealmocita.com\/index.php\/event\/proyecto-rural-vida-6\/","rest_url":"https:\/\/laventanadealmocita.com\/index.php\/wp-json\/tribe\/events\/v1\/events\/441","title":"Proyecto Rural + Vida.","description":"","excerpt":"","slug":"proyecto-rural-vida-6","image":{"url":"https:\/\/laventanadealmocita.com\/wp-content\/uploads\/2023\/09\/CARTEL-RURAL-VIDA-HORARIOS-Y-FECHA-ALMOCITA_-2.jpg","id":432,"extension":"jpg","width":1190,"height":1683,"filesize":311073,"sizes":{"medium":{"width":212,"height":300,"mime-type":"image\/jpeg","filesize":13653,"url":"https:\/\/laventanadealmocita.com\/wp-content\/uploads\/2023\/09\/CARTEL-RURAL-VIDA-HORARIOS-Y-FECHA-ALMOCITA_-2-212x300.jpg"},"large":{"width":724,"height":1024,"mime-type":"image\/jpeg","filesize":96260,"url":"https:\/\/laventanadealmocita.com\/wp-content\/uploads\/2023\/09\/CARTEL-RURAL-VIDA-HORARIOS-Y-FECHA-ALMOCITA_-2-724x1024.jpg"},"thumbnail":{"width":150,"height":150,"mime-type":"image\/jpeg","filesize":4879,"url":"https:\/\/laventanadealmocita.com\/wp-content\/uploads\/2023\/09\/CARTEL-RURAL-VIDA-HORARIOS-Y-FECHA-ALMOCITA_-2-150x150.jpg"},"medium_large":{"width":768,"height":1086,"mime-type":"image\/jpeg","filesize":103789,"url":"https:\/\/laventanadealmocita.com\/wp-content\/uploads\/2023\/09\/CARTEL-RURAL-VIDA-HORARIOS-Y-FECHA-ALMOCITA_-2-768x1086.jpg"},"1536x1536":{"width":1086,"height":1536,"mime-type":"image\/jpeg","filesize":167819,"url":"https:\/\/laventanadealmocita.com\/wp-content\/uploads\/2023\/09\/CARTEL-RURAL-VIDA-HORARIOS-Y-FECHA-ALMOCITA_-2-1086x1536.jpg"}}},"all_day":false,"start_date":"2023-11-08 10:00:00","start_date_details":{"year":"2023","month":"11","day":"08","hour":"10","minutes":"00","seconds":"00"},"end_date":"2023-11-08 12:00:00","end_date_details":{"year":"2023","month":"11","day":"08","hour":"12","minutes":"00","seconds":"00"},"utc_start_date":"2023-11-08 10:00:00","utc_start_date_details":{"year":"2023","month":"11","day":"08","hour":"10","minutes":"00","seconds":"00"},"utc_end_date":"2023-11-08 12:00:00","utc_end_date_details":{"year":"2023","month":"11","day":"08","hour":"12","minutes":"00","seconds":"00"},"timezone":"UTC+0","timezone_abbr":"UTC+0","cost":"","cost_details":{"currency_symbol":"","currency_code":"","currency_position":"prefix","values":[]},"website":"","show_map":true,"show_map_link":true,"hide_from_listings":false,"sticky":false,"featured":false,"categories":[],"tags":[],"venue":{"id":384,"author":"1","status":"publish","date":"2023-09-07 09:00:27","date_utc":"2023-09-07 09:00:27","modified":"2023-09-07 09:00:27","modified_utc":"2023-09-07 09:00:27","url":"https:\/\/laventanadealmocita.com\/index.php\/recinto\/teatro-municipal-de-almocita\/","venue":"Teatro Municipal de Alm\u00f3cita","slug":"teatro-municipal-de-almocita","address":"Teatro Municipal de Alm\u00f3cita, Av. de la Alpujarra, 4, 04458 Alm\u00f3cita, Almer\u00eda","city":"Alm\u00f3cita","country":"Espa\u00f1a","province":"Almer\u00eda","zip":"04458","stateprovince":"Almer\u00eda","json_ld":{"@type":"Place","name":"Teatro Municipal de Alm\u00f3cita","description":"","url":"","address":{"@type":"PostalAddress","streetAddress":"Teatro Municipal de Alm\u00f3cita, Av. de la Alpujarra, 4, 04458 Alm\u00f3cita, Almer\u00eda","addressLocality":"Alm\u00f3cita","addressRegion":"Almer\u00eda","postalCode":"04458","addressCountry":"Espa\u00f1a"},"telephone":"","sameAs":""},"show_map":true,"show_map_link":true,"global_id":"laventanadealmocita.com?id=384","global_id_lineage":["laventanadealmocita.com?id=384"]},"organizer":[{"id":169,"author":"1","status":"publish","date":"2023-08-16 14:47:03","date_utc":"2023-08-16 14:47:03","modified":"2024-01-18 11:05:16","modified_utc":"2024-01-18 11:05:16","url":"https:\/\/laventanadealmocita.com\/index.php\/organizador\/ayuntamiento-de-almocita\/","organizer":"Ayuntamiento de Almocita","slug":"ayuntamiento-de-almocita","phone":"950510337","website":"https:\/\/www.almocita.es","email":"Info@Laventanadealmocita.com","json_ld":{"@type":"Person","name":"Ayuntamiento de Almocita","description":"","url":"https:\/\/www.almocita.es","telephone":"950510337","email":"&#73;&#110;fo&#64;&#76;&#97;ve&#110;&#116;&#97;na&#100;e&#97;&#108;mo&#99;&#105;&#116;a&#46;co&#109;","sameAs":"https:\/\/www.almocita.es"},"global_id":"laventanadealmocita.com?id=169","global_id_lineage":["laventanadealmocita.com?id=169"]}],"custom_fields":[],"json_ld":{"@context":"http:\/\/schema.org","@type":"Event","name":"Proyecto Rural + Vida.","description":"","image":"https:\/\/laventanadealmocita.com\/wp-content\/uploads\/2023\/09\/CARTEL-RURAL-VIDA-HORARIOS-Y-FECHA-ALMOCITA_-2.jpg","url":"https:\/\/laventanadealmocita.com\/index.php\/event\/proyecto-rural-vida-6\/","eventAttendanceMode":"https:\/\/schema.org\/OfflineEventAttendanceMode","eventStatus":"https:\/\/schema.org\/EventScheduled","startDate":"2023-11-08T10:00:00+00:00","endDate":"2023-11-08T12:00:00+00:00","location":{"@type":"Place","name":"Teatro Municipal de Alm\u00f3cita","description":"","url":"","address":{"@type":"PostalAddress","streetAddress":"Teatro Municipal de Alm\u00f3cita, Av. de la Alpujarra, 4, 04458 Alm\u00f3cita, Almer\u00eda","addressLocality":"Alm\u00f3cita","addressRegion":"Almer\u00eda","postalCode":"04458","addressCountry":"Espa\u00f1a"},"telephone":"","sameAs":""},"organizer":{"@type":"Person","name":"Ayuntamiento de Almocita","description":"","url":"https:\/\/www.almocita.es","telephone":"950510337","email":"Info&#64;&#76;aventa&#110;&#97;de&#97;&#108;m&#111;cit&#97;.&#99;om","sameAs":"https:\/\/www.almocita.es"},"performer":"Organization"}}