{"id":1720,"global_id":"laventanadealmocita.com?id=1720","global_id_lineage":["laventanadealmocita.com?id=1720"],"author":"1","status":"publish","date":"2025-11-22 10:36:46","date_utc":"2025-11-22 10:36:46","modified":"2025-11-22 10:36:46","modified_utc":"2025-11-22 10:36:46","url":"https:\/\/laventanadealmocita.com\/index.php\/event\/presentacion-alas-y-cumbres\/","rest_url":"https:\/\/laventanadealmocita.com\/index.php\/wp-json\/tribe\/events\/v1\/events\/1720","title":"Presentaci\u00f3n Alas y Cumbres.","description":"","excerpt":"","slug":"presentacion-alas-y-cumbres","image":{"url":"https:\/\/laventanadealmocita.com\/wp-content\/uploads\/2025\/11\/Presentacion-Alas-y-Cumbres.jpeg","id":1721,"extension":"jpeg","width":2048,"height":1458,"filesize":387661,"sizes":{"medium":{"width":300,"height":214,"mime-type":"image\/jpeg","filesize":18993,"url":"https:\/\/laventanadealmocita.com\/wp-content\/uploads\/2025\/11\/Presentacion-Alas-y-Cumbres-300x214.jpeg"},"large":{"width":1024,"height":729,"mime-type":"image\/jpeg","filesize":155945,"url":"https:\/\/laventanadealmocita.com\/wp-content\/uploads\/2025\/11\/Presentacion-Alas-y-Cumbres-1024x729.jpeg"},"thumbnail":{"width":150,"height":150,"mime-type":"image\/jpeg","filesize":8413,"url":"https:\/\/laventanadealmocita.com\/wp-content\/uploads\/2025\/11\/Presentacion-Alas-y-Cumbres-150x150.jpeg"},"medium_large":{"width":768,"height":547,"mime-type":"image\/jpeg","filesize":90846,"url":"https:\/\/laventanadealmocita.com\/wp-content\/uploads\/2025\/11\/Presentacion-Alas-y-Cumbres-768x547.jpeg"},"1536x1536":{"width":1536,"height":1094,"mime-type":"image\/jpeg","filesize":291883,"url":"https:\/\/laventanadealmocita.com\/wp-content\/uploads\/2025\/11\/Presentacion-Alas-y-Cumbres-1536x1094.jpeg"}}},"all_day":false,"start_date":"2025-11-23 12:00:00","start_date_details":{"year":"2025","month":"11","day":"23","hour":"12","minutes":"00","seconds":"00"},"end_date":"2025-11-23 13:00:00","end_date_details":{"year":"2025","month":"11","day":"23","hour":"13","minutes":"00","seconds":"00"},"utc_start_date":"2025-11-23 12:00:00","utc_start_date_details":{"year":"2025","month":"11","day":"23","hour":"12","minutes":"00","seconds":"00"},"utc_end_date":"2025-11-23 13:00:00","utc_end_date_details":{"year":"2025","month":"11","day":"23","hour":"13","minutes":"00","seconds":"00"},"timezone":"UTC+0","timezone_abbr":"UTC+0","cost":"Gratuito","cost_details":{"currency_symbol":"\u20ac","currency_code":"Eur","currency_position":"suffix","values":["0"]},"website":"","show_map":true,"show_map_link":true,"hide_from_listings":false,"sticky":false,"featured":false,"categories":[],"tags":[],"venue":{"id":510,"author":"1","status":"publish","date":"2023-10-10 10:19:24","date_utc":"2023-10-10 10:19:24","modified":"2023-10-10 10:19:24","modified_utc":"2023-10-10 10:19:24","url":"https:\/\/laventanadealmocita.com\/index.php\/recinto\/almocita\/","venue":"Almocita","slug":"almocita","city":"Alm\u00f3cita","country":"Espa\u00f1a","province":"Almer\u00eda","zip":"04458","website":"https:\/\/www.laventanadealmocita.com","stateprovince":"Almer\u00eda","json_ld":{"@type":"Place","name":"Almocita","description":"","url":"","address":{"@type":"PostalAddress","addressLocality":"Alm\u00f3cita","addressRegion":"Almer\u00eda","postalCode":"04458","addressCountry":"Espa\u00f1a"},"telephone":"","sameAs":"https:\/\/www.laventanadealmocita.com"},"show_map":true,"show_map_link":true,"global_id":"laventanadealmocita.com?id=510","global_id_lineage":["laventanadealmocita.com?id=510"]},"organizer":[{"id":1592,"author":"1","status":"publish","date":"2025-08-12 11:03:31","date_utc":"2025-08-12 11:03:31","modified":"2025-08-12 11:03:31","modified_utc":"2025-08-12 11:03:31","url":"https:\/\/laventanadealmocita.com\/index.php\/organizador\/dtertulia-rural\/","organizer":"DTertulia Rural","slug":"dtertulia-rural","json_ld":{"@type":"Person","name":"DTertulia Rural","description":"","url":"","telephone":"","email":"","sameAs":""},"global_id":"laventanadealmocita.com?id=1592","global_id_lineage":["laventanadealmocita.com?id=1592"]},{"id":169,"author":"1","status":"publish","date":"2023-08-16 14:47:03","date_utc":"2023-08-16 14:47:03","modified":"2024-01-18 11:05:16","modified_utc":"2024-01-18 11:05:16","url":"https:\/\/laventanadealmocita.com\/index.php\/organizador\/ayuntamiento-de-almocita\/","organizer":"Ayuntamiento de Almocita","slug":"ayuntamiento-de-almocita","phone":"950510337","website":"https:\/\/www.almocita.es","email":"Info@Laventanadealmocita.com","json_ld":{"@type":"Person","name":"Ayuntamiento de Almocita","description":"","url":"https:\/\/www.almocita.es","telephone":"950510337","email":"&#73;&#110;fo&#64;&#76;&#97;&#118;e&#110;ta&#110;a&#100;&#101;alm&#111;cit&#97;&#46;&#99;&#111;m","sameAs":"https:\/\/www.almocita.es"},"global_id":"laventanadealmocita.com?id=169","global_id_lineage":["laventanadealmocita.com?id=169"]},{"id":414,"author":"1","status":"publish","date":"2023-09-14 11:48:28","date_utc":"0000-00-00 00:00:00","modified":"2023-09-14 11:48:28","modified_utc":"0000-00-00 00:00:00","url":"https:\/\/laventanadealmocita.com\/index.php\/organizador\/proyecto-arbol-de-la-vida\/","organizer":"Proyecto Arbol De La Vida","slug":"proyecto-arbol-de-la-vida","phone":"644440229","website":"http:\/\/www.proyectoarboldelavida.com","email":"alma@proyectoarboldelavida.com","json_ld":{"@type":"Person","name":"Proyecto Arbol De La Vida","description":"","url":"http:\/\/www.proyectoarboldelavida.com","telephone":"644440229","email":"a&#108;&#109;a&#64;&#112;&#114;&#111;yecto&#97;&#114;&#98;o&#108;&#100;e&#108;&#97;v&#105;da.c&#111;&#109;","sameAs":"http:\/\/www.proyectoarboldelavida.com"},"global_id":"laventanadealmocita.com?id=414","global_id_lineage":["laventanadealmocita.com?id=414"]}],"custom_fields":[],"json_ld":{"@context":"http:\/\/schema.org","@type":"Event","name":"Presentaci\u00f3n Alas y Cumbres.","description":"","image":"https:\/\/laventanadealmocita.com\/wp-content\/uploads\/2025\/11\/Presentacion-Alas-y-Cumbres.jpeg","url":"https:\/\/laventanadealmocita.com\/index.php\/event\/presentacion-alas-y-cumbres\/","eventAttendanceMode":"https:\/\/schema.org\/OfflineEventAttendanceMode","eventStatus":"https:\/\/schema.org\/EventScheduled","startDate":"2025-11-23T12:00:00+00:00","endDate":"2025-11-23T13:00:00+00:00","location":{"@type":"Place","name":"Almocita","description":"","url":"","address":{"@type":"PostalAddress","addressLocality":"Alm\u00f3cita","addressRegion":"Almer\u00eda","postalCode":"04458","addressCountry":"Espa\u00f1a"},"telephone":"","sameAs":"https:\/\/www.laventanadealmocita.com"},"organizer":{"@type":"Person","name":"DTertulia Rural","description":"","url":"","telephone":"","email":"","sameAs":""},"offers":{"@type":"Offer","price":"0","priceCurrency":"Eur","url":"https:\/\/laventanadealmocita.com\/index.php\/event\/presentacion-alas-y-cumbres\/","category":"primary","availability":"inStock","validFrom":"1970-01-01T00:00:00+00:00"},"performer":"Organization"}}