{"id":1659,"global_id":"laventanadealmocita.com?id=1659","global_id_lineage":["laventanadealmocita.com?id=1659"],"author":"1","status":"publish","date":"2025-10-01 08:17:12","date_utc":"2025-10-01 08:17:12","modified":"2025-10-01 08:17:12","modified_utc":"2025-10-01 08:17:12","url":"https:\/\/laventanadealmocita.com\/index.php\/event\/hermanamiento-de-durcal-y-almocita\/","rest_url":"https:\/\/laventanadealmocita.com\/index.php\/wp-json\/tribe\/events\/v1\/events\/1659","title":"Hermanamiento de D\u00farcal y Alm\u00f3cita.","description":"","excerpt":"","slug":"hermanamiento-de-durcal-y-almocita","image":{"url":"https:\/\/laventanadealmocita.com\/wp-content\/uploads\/2025\/10\/Hermaniento-de-Durcal-y-Almocita.jpeg","id":1660,"extension":"jpeg","width":1131,"height":1600,"filesize":258761,"sizes":{"medium":{"width":212,"height":300,"mime-type":"image\/jpeg","filesize":15144,"url":"https:\/\/laventanadealmocita.com\/wp-content\/uploads\/2025\/10\/Hermaniento-de-Durcal-y-Almocita-212x300.jpeg"},"large":{"width":724,"height":1024,"mime-type":"image\/jpeg","filesize":101036,"url":"https:\/\/laventanadealmocita.com\/wp-content\/uploads\/2025\/10\/Hermaniento-de-Durcal-y-Almocita-724x1024.jpeg"},"thumbnail":{"width":150,"height":150,"mime-type":"image\/jpeg","filesize":6451,"url":"https:\/\/laventanadealmocita.com\/wp-content\/uploads\/2025\/10\/Hermaniento-de-Durcal-y-Almocita-150x150.jpeg"},"medium_large":{"width":768,"height":1086,"mime-type":"image\/jpeg","filesize":109323,"url":"https:\/\/laventanadealmocita.com\/wp-content\/uploads\/2025\/10\/Hermaniento-de-Durcal-y-Almocita-768x1086.jpeg"},"1536x1536":{"width":1086,"height":1536,"mime-type":"image\/jpeg","filesize":175923,"url":"https:\/\/laventanadealmocita.com\/wp-content\/uploads\/2025\/10\/Hermaniento-de-Durcal-y-Almocita-1086x1536.jpeg"}}},"all_day":false,"start_date":"2025-10-05 11:00:00","start_date_details":{"year":"2025","month":"10","day":"05","hour":"11","minutes":"00","seconds":"00"},"end_date":"2025-10-05 15:00:00","end_date_details":{"year":"2025","month":"10","day":"05","hour":"15","minutes":"00","seconds":"00"},"utc_start_date":"2025-10-05 11:00:00","utc_start_date_details":{"year":"2025","month":"10","day":"05","hour":"11","minutes":"00","seconds":"00"},"utc_end_date":"2025-10-05 15:00:00","utc_end_date_details":{"year":"2025","month":"10","day":"05","hour":"15","minutes":"00","seconds":"00"},"timezone":"UTC+0","timezone_abbr":"UTC+0","cost":"Gratuito","cost_details":{"currency_symbol":"\u20ac","currency_code":"Eur","currency_position":"suffix","values":["0"]},"website":"","show_map":true,"show_map_link":true,"hide_from_listings":false,"sticky":false,"featured":false,"categories":[],"tags":[],"venue":{"id":187,"author":"1","status":"publish","date":"2023-08-16 15:10:31","date_utc":"2023-08-16 15:10:31","modified":"2023-08-16 15:10:31","modified_utc":"2023-08-16 15:10:31","url":"https:\/\/laventanadealmocita.com\/index.php\/recinto\/ayuntamiento-de-almocita\/","venue":"Ayuntamiento de Almocita","slug":"ayuntamiento-de-almocita","address":"Carretera Comarcal 332","city":"Alm\u00f3cita","country":"Espa\u00f1a","province":"Almer\u00eda","zip":"04458","stateprovince":"Almer\u00eda","json_ld":{"@type":"Place","name":"Ayuntamiento de Almocita","description":"","url":"","address":{"@type":"PostalAddress","streetAddress":"Carretera Comarcal 332","addressLocality":"Alm\u00f3cita","addressRegion":"Almer\u00eda","postalCode":"04458","addressCountry":"Espa\u00f1a"},"telephone":"","sameAs":""},"show_map":true,"show_map_link":true,"global_id":"laventanadealmocita.com?id=187","global_id_lineage":["laventanadealmocita.com?id=187"]},"organizer":[{"id":169,"author":"1","status":"publish","date":"2023-08-16 14:47:03","date_utc":"2023-08-16 14:47:03","modified":"2024-01-18 11:05:16","modified_utc":"2024-01-18 11:05:16","url":"https:\/\/laventanadealmocita.com\/index.php\/organizador\/ayuntamiento-de-almocita\/","organizer":"Ayuntamiento de Almocita","slug":"ayuntamiento-de-almocita","phone":"950510337","website":"https:\/\/www.almocita.es","email":"Info@Laventanadealmocita.com","json_ld":{"@type":"Person","name":"Ayuntamiento de Almocita","description":"","url":"https:\/\/www.almocita.es","telephone":"950510337","email":"&#73;n&#102;o&#64;&#76;&#97;&#118;&#101;&#110;tana&#100;&#101;&#97;lmo&#99;&#105;&#116;&#97;&#46;co&#109;","sameAs":"https:\/\/www.almocita.es"},"global_id":"laventanadealmocita.com?id=169","global_id_lineage":["laventanadealmocita.com?id=169"]}],"custom_fields":[],"json_ld":{"@context":"http:\/\/schema.org","@type":"Event","name":"Hermanamiento de D\u00farcal y Alm\u00f3cita.","description":"","image":"https:\/\/laventanadealmocita.com\/wp-content\/uploads\/2025\/10\/Hermaniento-de-Durcal-y-Almocita.jpeg","url":"https:\/\/laventanadealmocita.com\/index.php\/event\/hermanamiento-de-durcal-y-almocita\/","eventAttendanceMode":"https:\/\/schema.org\/OfflineEventAttendanceMode","eventStatus":"https:\/\/schema.org\/EventScheduled","startDate":"2025-10-05T11:00:00+00:00","endDate":"2025-10-05T15:00:00+00:00","location":{"@type":"Place","name":"Ayuntamiento de Almocita","description":"","url":"","address":{"@type":"PostalAddress","streetAddress":"Carretera Comarcal 332","addressLocality":"Alm\u00f3cita","addressRegion":"Almer\u00eda","postalCode":"04458","addressCountry":"Espa\u00f1a"},"telephone":"","sameAs":""},"organizer":{"@type":"Person","name":"Ayuntamiento de Almocita","description":"","url":"https:\/\/www.almocita.es","telephone":"950510337","email":"&#73;&#110;f&#111;&#64;&#76;&#97;ve&#110;&#116;anadealmo&#99;&#105;&#116;a.c&#111;m","sameAs":"https:\/\/www.almocita.es"},"offers":{"@type":"Offer","price":"0","priceCurrency":"Eur","url":"https:\/\/laventanadealmocita.com\/index.php\/event\/hermanamiento-de-durcal-y-almocita\/","category":"primary","availability":"inStock","validFrom":"1970-01-01T00:00:00+00:00"},"performer":"Organization"}}