{"id":1638,"global_id":"laventanadealmocita.com?id=1638","global_id_lineage":["laventanadealmocita.com?id=1638"],"author":"1","status":"publish","date":"2025-09-27 09:32:47","date_utc":"2025-09-27 09:32:47","modified":"2025-09-27 09:32:47","modified_utc":"2025-09-27 09:32:47","url":"https:\/\/laventanadealmocita.com\/index.php\/event\/clases-de-guitarra\/","rest_url":"https:\/\/laventanadealmocita.com\/index.php\/wp-json\/tribe\/events\/v1\/events\/1638","title":"Clases de Guitarra.","description":"","excerpt":"","slug":"clases-de-guitarra","image":{"url":"https:\/\/laventanadealmocita.com\/wp-content\/uploads\/2025\/09\/Clases-de-Guitarra.jpeg","id":1639,"extension":"jpeg","width":719,"height":1292,"filesize":89268,"sizes":{"medium":{"width":167,"height":300,"mime-type":"image\/jpeg","filesize":12476,"url":"https:\/\/laventanadealmocita.com\/wp-content\/uploads\/2025\/09\/Clases-de-Guitarra-167x300.jpeg"},"large":{"width":570,"height":1024,"mime-type":"image\/jpeg","filesize":77485,"url":"https:\/\/laventanadealmocita.com\/wp-content\/uploads\/2025\/09\/Clases-de-Guitarra-570x1024.jpeg"},"thumbnail":{"width":150,"height":150,"mime-type":"image\/jpeg","filesize":6244,"url":"https:\/\/laventanadealmocita.com\/wp-content\/uploads\/2025\/09\/Clases-de-Guitarra-150x150.jpeg"}}},"all_day":false,"start_date":"2025-10-04 12:00:00","start_date_details":{"year":"2025","month":"10","day":"04","hour":"12","minutes":"00","seconds":"00"},"end_date":"2025-10-04 14:00:00","end_date_details":{"year":"2025","month":"10","day":"04","hour":"14","minutes":"00","seconds":"00"},"utc_start_date":"2025-10-04 12:00:00","utc_start_date_details":{"year":"2025","month":"10","day":"04","hour":"12","minutes":"00","seconds":"00"},"utc_end_date":"2025-10-04 14:00:00","utc_end_date_details":{"year":"2025","month":"10","day":"04","hour":"14","minutes":"00","seconds":"00"},"timezone":"UTC+0","timezone_abbr":"UTC+0","cost":"Gratuito","cost_details":{"currency_symbol":"\u20ac","currency_code":"Eur","currency_position":"suffix","values":["0"]},"website":"","show_map":true,"show_map_link":true,"hide_from_listings":false,"sticky":false,"featured":false,"categories":[],"tags":[],"venue":{"id":382,"author":"1","status":"publish","date":"2023-09-07 08:57:55","date_utc":"2023-09-07 08:57:55","modified":"2023-09-07 08:57:55","modified_utc":"2023-09-07 08:57:55","url":"https:\/\/laventanadealmocita.com\/index.php\/recinto\/domo-geodesico\/","venue":"Domo Geodesico","slug":"domo-geodesico","address":"Domo, 04458 Alm\u00f3cita, Almer\u00eda","city":"Alm\u00f3cita","country":"Espa\u00f1a","province":"Almer\u00eda","zip":"04458","stateprovince":"Almer\u00eda","json_ld":{"@type":"Place","name":"Domo Geodesico","description":"","url":"","address":{"@type":"PostalAddress","streetAddress":"Domo, 04458 Alm\u00f3cita, Almer\u00eda","addressLocality":"Alm\u00f3cita","addressRegion":"Almer\u00eda","postalCode":"04458","addressCountry":"Espa\u00f1a"},"telephone":"","sameAs":""},"show_map":true,"show_map_link":true,"global_id":"laventanadealmocita.com?id=382","global_id_lineage":["laventanadealmocita.com?id=382"]},"organizer":[],"custom_fields":[],"json_ld":{"@context":"http:\/\/schema.org","@type":"Event","name":"Clases de Guitarra.","description":"","image":"https:\/\/laventanadealmocita.com\/wp-content\/uploads\/2025\/09\/Clases-de-Guitarra.jpeg","url":"https:\/\/laventanadealmocita.com\/index.php\/event\/clases-de-guitarra\/","eventAttendanceMode":"https:\/\/schema.org\/OfflineEventAttendanceMode","eventStatus":"https:\/\/schema.org\/EventScheduled","startDate":"2025-10-04T12:00:00+00:00","endDate":"2025-10-04T14:00:00+00:00","location":{"@type":"Place","name":"Domo Geodesico","description":"","url":"","address":{"@type":"PostalAddress","streetAddress":"Domo, 04458 Alm\u00f3cita, Almer\u00eda","addressLocality":"Alm\u00f3cita","addressRegion":"Almer\u00eda","postalCode":"04458","addressCountry":"Espa\u00f1a"},"telephone":"","sameAs":""},"offers":{"@type":"Offer","price":"0","priceCurrency":"Eur","url":"https:\/\/laventanadealmocita.com\/index.php\/event\/clases-de-guitarra\/","category":"primary","availability":"inStock","validFrom":"1970-01-01T00:00:00+00:00"},"performer":"Organization"}}