{"id":1624,"global_id":"laventanadealmocita.com?id=1624","global_id_lineage":["laventanadealmocita.com?id=1624"],"author":"1","status":"publish","date":"2025-09-15 08:45:59","date_utc":"2025-09-15 08:45:59","modified":"2025-09-15 08:45:59","modified_utc":"2025-09-15 08:45:59","url":"https:\/\/laventanadealmocita.com\/index.php\/event\/danza-holistica-en-almocita-con-jose-valdivia\/","rest_url":"https:\/\/laventanadealmocita.com\/index.php\/wp-json\/tribe\/events\/v1\/events\/1624","title":"Danza Hol\u00edstica en Alm\u00f3cita, con Jose Valdivia.","description":"","excerpt":"","slug":"danza-holistica-en-almocita-con-jose-valdivia","image":{"url":"https:\/\/laventanadealmocita.com\/wp-content\/uploads\/2025\/09\/Danza-Holistica-04-Octubre.jpeg","id":1625,"extension":"jpeg","width":1080,"height":1920,"filesize":227015,"sizes":{"medium":{"width":169,"height":300,"mime-type":"image\/jpeg","filesize":15197,"url":"https:\/\/laventanadealmocita.com\/wp-content\/uploads\/2025\/09\/Danza-Holistica-04-Octubre-169x300.jpeg"},"large":{"width":576,"height":1024,"mime-type":"image\/jpeg","filesize":94023,"url":"https:\/\/laventanadealmocita.com\/wp-content\/uploads\/2025\/09\/Danza-Holistica-04-Octubre-576x1024.jpeg"},"thumbnail":{"width":150,"height":150,"mime-type":"image\/jpeg","filesize":8043,"url":"https:\/\/laventanadealmocita.com\/wp-content\/uploads\/2025\/09\/Danza-Holistica-04-Octubre-150x150.jpeg"},"medium_large":{"width":768,"height":1365,"mime-type":"image\/jpeg","filesize":143809,"url":"https:\/\/laventanadealmocita.com\/wp-content\/uploads\/2025\/09\/Danza-Holistica-04-Octubre-768x1365.jpeg"},"1536x1536":{"width":864,"height":1536,"mime-type":"image\/jpeg","filesize":169064,"url":"https:\/\/laventanadealmocita.com\/wp-content\/uploads\/2025\/09\/Danza-Holistica-04-Octubre-864x1536.jpeg"}}},"all_day":false,"start_date":"2025-10-04 19:00:00","start_date_details":{"year":"2025","month":"10","day":"04","hour":"19","minutes":"00","seconds":"00"},"end_date":"2025-10-04 22:00:00","end_date_details":{"year":"2025","month":"10","day":"04","hour":"22","minutes":"00","seconds":"00"},"utc_start_date":"2025-10-04 19:00:00","utc_start_date_details":{"year":"2025","month":"10","day":"04","hour":"19","minutes":"00","seconds":"00"},"utc_end_date":"2025-10-04 22:00:00","utc_end_date_details":{"year":"2025","month":"10","day":"04","hour":"22","minutes":"00","seconds":"00"},"timezone":"UTC+0","timezone_abbr":"UTC+0","cost":"5\u20ac","cost_details":{"currency_symbol":"\u20ac","currency_code":"Eur","currency_position":"suffix","values":["5"]},"website":"","show_map":true,"show_map_link":true,"hide_from_listings":false,"sticky":false,"featured":false,"categories":[],"tags":[],"venue":{"id":382,"author":"1","status":"publish","date":"2023-09-07 08:57:55","date_utc":"2023-09-07 08:57:55","modified":"2023-09-07 08:57:55","modified_utc":"2023-09-07 08:57:55","url":"https:\/\/laventanadealmocita.com\/index.php\/recinto\/domo-geodesico\/","venue":"Domo Geodesico","slug":"domo-geodesico","address":"Domo, 04458 Alm\u00f3cita, Almer\u00eda","city":"Alm\u00f3cita","country":"Espa\u00f1a","province":"Almer\u00eda","zip":"04458","stateprovince":"Almer\u00eda","json_ld":{"@type":"Place","name":"Domo Geodesico","description":"","url":"","address":{"@type":"PostalAddress","streetAddress":"Domo, 04458 Alm\u00f3cita, Almer\u00eda","addressLocality":"Alm\u00f3cita","addressRegion":"Almer\u00eda","postalCode":"04458","addressCountry":"Espa\u00f1a"},"telephone":"","sameAs":""},"show_map":true,"show_map_link":true,"global_id":"laventanadealmocita.com?id=382","global_id_lineage":["laventanadealmocita.com?id=382"]},"organizer":[{"id":383,"author":"1","status":"publish","date":"2023-09-07 08:57:55","date_utc":"2023-09-07 08:57:55","modified":"2023-09-07 08:57:55","modified_utc":"2023-09-07 08:57:55","url":"https:\/\/laventanadealmocita.com\/index.php\/organizador\/jose-valdivia\/","organizer":"Jose Valdivia","slug":"jose-valdivia","phone":"685999774","website":"https:\/\/josevaldivia.es\/","email":"hola@josevaldivia.es","json_ld":{"@type":"Person","name":"Jose Valdivia","description":"","url":"https:\/\/josevaldivia.es\/","telephone":"685999774","email":"ho&#108;&#97;&#64;j&#111;sevaldi&#118;ia&#46;es","sameAs":"https:\/\/josevaldivia.es\/"},"global_id":"laventanadealmocita.com?id=383","global_id_lineage":["laventanadealmocita.com?id=383"]}],"custom_fields":[],"json_ld":{"@context":"http:\/\/schema.org","@type":"Event","name":"Danza Hol\u00edstica en Alm\u00f3cita, con Jose Valdivia.","description":"","image":"https:\/\/laventanadealmocita.com\/wp-content\/uploads\/2025\/09\/Danza-Holistica-04-Octubre.jpeg","url":"https:\/\/laventanadealmocita.com\/index.php\/event\/danza-holistica-en-almocita-con-jose-valdivia\/","eventAttendanceMode":"https:\/\/schema.org\/OfflineEventAttendanceMode","eventStatus":"https:\/\/schema.org\/EventScheduled","startDate":"2025-10-04T19:00:00+00:00","endDate":"2025-10-04T22:00:00+00:00","location":{"@type":"Place","name":"Domo Geodesico","description":"","url":"","address":{"@type":"PostalAddress","streetAddress":"Domo, 04458 Alm\u00f3cita, Almer\u00eda","addressLocality":"Alm\u00f3cita","addressRegion":"Almer\u00eda","postalCode":"04458","addressCountry":"Espa\u00f1a"},"telephone":"","sameAs":""},"organizer":{"@type":"Person","name":"Jose Valdivia","description":"","url":"https:\/\/josevaldivia.es\/","telephone":"685999774","email":"ho&#108;&#97;&#64;&#106;&#111;se&#118;al&#100;ivia&#46;es","sameAs":"https:\/\/josevaldivia.es\/"},"offers":{"@type":"Offer","price":"5","priceCurrency":"Eur","url":"https:\/\/laventanadealmocita.com\/index.php\/event\/danza-holistica-en-almocita-con-jose-valdivia\/","category":"primary","availability":"inStock","validFrom":"1970-01-01T00:00:00+00:00"},"performer":"Organization"}}